{"id":2885,"date":"2017-09-06T11:08:15","date_gmt":"2017-09-06T09:08:15","guid":{"rendered":"http:\/\/steffiburkhart.com\/?p=2885"},"modified":"2018-02-24T10:55:16","modified_gmt":"2018-02-24T09:55:16","slug":"nehmt-wieder-stift-und-papier-in-die-hand","status":"publish","type":"post","link":"https:\/\/steffiburkhart.com\/en\/nehmt-wieder-stift-und-papier-in-die-hand\/","title":{"rendered":"Nehmt wieder Stift und Papier in die Hand!"},"content":{"rendered":"<p style=\"text-align: right;\">WiWo Kolumne<\/p>\n<p>Alle sprechen von Digitalisierung in der Bildung. Es ist h\u00f6chste Zeit, dass junge Menschen in der Digitalen Kompetenz (DQ) gef\u00f6rdert werden, damit die Spaltung \u2013 bereits bei jungen Menschen \u2013 zwischen Nutznie\u00dfern und Kennern der Digitalisierung minimiert wird und wir den Nachwuchs gut auf die Arbeitswelt von morgen vorbereiten. Dazu sollen Klassenr\u00e4ume mit Laptops ausgestattet werden, Kinder sollen lernen, sich sicher im Internet zu bewegen, mehr Online-Kurse angeboten werden und vieles mehr (dazu habe ich <a href=\"https:\/\/steffiburkhart.com\/wenn-die-realitaet-aus-bildungssysteme-ueberrumpelt\/\">hier<\/a> einen Artikel geschrieben).<\/p>\n<p>Andererseits weisen Studienergebnisse darauf hin, dass <strong>ein kompletter Umstieg von analog auf digital auch nicht die optimale L\u00f6sung ist.<\/strong> Zu viel Smartphone, zu viel Laptop, zu viel ONLINE erh\u00f6ht die Wahrscheinlichkeit von Smartphone-Abh\u00e4ngigkeit, reduzierter Aufmerksamkeitsspanne, Vergesslichkeit, Produktivit\u00e4tseinbu\u00dfen, Ungeduld, Unzufriedenheit und mangelndem Selbstwertgef\u00fchl bis hin zu fehlenden emotionalen und sozialen Kompetenzen.<\/p>\n<ol>\n<li><strong>Ein Laptop lenkt ab.<\/strong> In Zeiten von kurzen Aufmerksamkeitsspannen und Massen von e-Mails ist ein Laptop t\u00f6dlich f\u00fcr die Konzentration. Die Studie von Kay &amp; Lauricella (2011) hat herausgefunden, dass in einer Vorlesung zwar die Hauptaktivit\u00e4t der meisten Studenten das Mitschreiben auf dem Laptop ist. Mehr als ein Viertel verbrachte dagegen \u00fcber die H\u00e4lfte der Zeit mit privaten Messengern und 11 Prozent mit nicht-akademischen e-Mails. Noch wichtiger: 43 Prozent der Studenten waren der Meinung, ohne die Ablenkung des Internets besser performen zu k\u00f6nnen.<\/li>\n<\/ol>\n<p>&nbsp;<\/p>\n<ol start=\"2\">\n<li><strong>Wir verarbeiten das Geh\u00f6rte weniger.<\/strong> Mitschreiben hat zwei wichtige Funktionen: die Informationen f\u00fcr sp\u00e4ter, zum Wiederholen, aufzubewahren und die, das Geh\u00f6rte zu strukturieren und zu verarbeiten. Mueller &amp; Oppenheimer (2014) haben herausgefunden, dass Studenten, die auf dem Laptop mitschreiben, eher wortw\u00f6rtlich mitschreiben, anstatt das Geh\u00f6rte in eigene Worte zu fassen. Somit verarbeiten sie es schlechter.<\/li>\n<\/ol>\n<p>&nbsp;<\/p>\n<ol start=\"3\">\n<li><strong>Wir sind weniger kreativ.<\/strong> Textverarbeitungsprogramme setzen uns Grenzen dabei, wie wir etwas strukturieren und aufschreiben, wir sind auf die vorgegebenen Zeilen beschr\u00e4nkt und k\u00f6nnen nicht pl\u00f6tzlich bspw. diagonal schreiben. Dem Stift auf dem Papier dagegen sind keinerlei Grenzen gesetzt, was die Gestaltung der Notizen angeht.<\/li>\n<\/ol>\n<p>&nbsp;<\/p>\n<ol start=\"4\">\n<li><strong>Wir werden s\u00fcchtig. <\/strong>Die Nutzung von Smartphone oder Laptop in Kombination mit Sozialen Medien setzt Dopamin frei. \u00dcber sich selbst zu sprechen, Likes und Anerkennung zu bekommen,f\u00fchlt sich gut an. Was dazu f\u00fchrt, dass das Verlangen danach steigt, sich immer wieder positive Kicks in Form von Aufmerksamkeit und Anerkennung \u00fcbers Netz zu holen. Das kann zu einer pathologischen \u00dcbernutzung und somit zu einer Smartphone- oder \u201eCyberspace\u201c oder \u201eNetz\u201c-Abh\u00e4ngigkeit f\u00fchren (Byun et al. 2009).<\/li>\n<\/ol>\n<p>&nbsp;<\/p>\n<ol start=\"5\">\n<li><strong>Soziale Kompetenzen<\/strong> <strong>bauen ab.<\/strong> Die \u00dcbernutzung von Sozialen Medien oder privaten Messengern in der Interaktion mit anderen f\u00fchrt dazu, dass junge Menschen sozialer Kompetenzen f\u00fcr die direkte Face-to-Face Kommunikation in der analogen Realit\u00e4t nicht mehr oder nur noch eingeschr\u00e4nkt erlernen (Caon et al. 2013).<\/li>\n<\/ol>\n<p>&nbsp;<\/p>\n<p>Was also tun, um diesen negativen Entwicklungen, um diesen neuen Herausforderungen entgegenzuwirken? Sowohl im eigenen Alltag, aber auch im Arbeitsumfeld?<\/p>\n<p>&nbsp;<\/p>\n<p><a href=\"https:\/\/www.amazon.de\/dp\/3869366915\/ref=cm_sw_em_r_mt_dp_IiN6xbHW4MH4H\" target=\"_blank\" rel=\"\u00d6ffnet die Artikelseite von meinem Buch auf Amazon noopener\"><img loading=\"lazy\" decoding=\"async\" class=\"aligncenter wp-image-2906 size-full\" title=\"\u00d6ffnet die Artikelseite von meinem Buch auf Amazon\" src=\"https:\/\/steffiburkhart.com\/wp-content\/uploads\/2017\/10\/steffiburkhart_arm_Buch_Generation_Y_V2.gif\" alt=\"Steffi Burkhart Generation Y - Buch\" width=\"900\" height=\"150\" \/><\/a><\/p>\n<p>&nbsp;<\/p>\n<p>Hier ein paar Tipps f\u00fcr Unternehmen, die sich daraus ableiten lassen:<\/p>\n<ul>\n<li><strong>Konferenzr\u00e4ume ohne Smartphone-Nutzung<\/strong><\/li>\n<\/ul>\n<p style=\"padding-left: 30px;\">Auch wenn ein Smartphone klein und unscheinbar ist \u2013 sobald alle es in der Hand halten, st\u00f6rt es. Besonders in Konferenz- oder Klassenr\u00e4umen sollten Smartphones deshalb nichts zu suchen haben. Im Meeting sollen wir den anderen zuh\u00f6ren, nicht auf unseren Bildschirmen herumtippen. Dann sind wir auch produktiver. Und w\u00e4hrend wir auf den Beginn des Meetings warten, haben wir die Chance, mit unseren Kollegen ins Gespr\u00e4ch zu kommen und echte Beziehungen aufzubauen.<\/p>\n<p>&nbsp;<\/p>\n<ul>\n<li><strong>Dazu ermutigen, Notizen auf Papier statt auf dem Laptop zu machen<\/strong> &#8211; und dabei als Vorbild vorausgehen. Denn wer auf dem Laptop schreibt, kann vielleicht mehr und schneller schreiben, aber beh\u00e4lt wesentlich weniger von dem, was er getippt hat, als der, der den Stift in der Hand hat.<\/li>\n<\/ul>\n<p>&nbsp;<\/p>\n<ul>\n<li><strong>Lehren Sie, Feedback zu geben und Feedback zu erhalten<\/strong>.<br \/>\nPositives Feedback h\u00f6ren wir alle immer gerne. Es gibt uns Best\u00e4tigung und Selbstvertrauen. Aber das negative Feedback hilft uns, uns weiterzuentwickeln. Deshalb brauchen wir eine vern\u00fcnftige Feedback-Kultur, die dazu ermutigt, ehrlich zu sein, aber immer auch das Positive zu betonen. Dann brauchen wir die Best\u00e4tigung in Sozialen Netzwerken vielleicht auch weniger.<\/li>\n<\/ul>\n<p>&nbsp;<\/p>\n<ul>\n<li><strong>Speed-Dating-Formate in Unternehmen, <\/strong>bei denen es darum geht, Kollegen kennenzulernen, die man sonst vielleicht nicht treffen w\u00fcrde und sich einfach mal Face-to-Face zu unterhalten. Dabei muss es nicht einmal Speed-Dating sein. Ein gemeinsamer Lunch, ein Team-Fr\u00fchst\u00fcck oder \u00c4hnliches reichen schon. Solange Smartphone, Laptop und Arbeit drau\u00dfen bleiben.<\/li>\n<\/ul>\n<p>&nbsp;<\/p>\n<ul>\n<li><strong>Digital Detox<\/strong>. Und manchmal gibt es nur noch eins, das hilft: Einfach mal Urlaub machen.<\/li>\n<\/ul>\n<p>&nbsp;<\/p>\n<p><strong>Quellen<\/strong><\/p>\n<ul>\n<li><a href=\"http:\/\/www.winona.edu\/psychology\/Media\/Friedlaptopfinal.pdf\">Fried, C. B. (2008).<\/a> In-class laptop use and its effects on student learning. Computers &amp; Education, 50, 906\u2013914.<\/li>\n<li><a href=\"http:\/\/www.ifets.info\/journals\/4_3\/grace_martin.html\">Grace-Martin, M., &amp; Gay, G. (2001).<\/a> Web browsing, mobile computing and academic performance. Educational Technology &amp; Society, 4, 95\u2013107.<\/li>\n<li><a href=\"https:\/\/www.cjlt.ca\/index.php\/cjlt\/article\/viewFile\/26363\/19545\">Kay, R., &amp; Lauricella, S. (2011).<\/a> Exploring the benefits and challenges of using laptop computers in higher education classrooms: A formative analysis. Canadian Journal of Learning and Technology, 37(1).<\/li>\n<li><a href=\"https:\/\/www.researchgate.net\/profile\/David_Novak2\/publication\/234074902_Examining_the_Effects_of_Student_Multitasking_with_Laptops_during_the_Lecture\/links\/53d66f640cf220632f3da106.pdf\">Kraushaar, J. M., &amp; Novak, D. C. (2010). <\/a>Examining the affects of student multitasking with laptops during the lecture. Journal of Information Systems Education, 21, 241\u2013251.<\/li>\n<li><a href=\"http:\/\/drawingchildrenintoreading.com\/assets\/the_pen_is_mightier_than_the_keyboard-libre.pdf\">Mueller, P. A., &amp; Oppenheimer, D. M. (2014).<\/a> The Pen Is Mightier Than the Keyboard: Advantages of Longhand Over Laptop Note Taking. Psychological Science, <em>25<\/em>, 1159-1168.<\/li>\n<li><a href=\"http:\/\/www.alliedacademies.org\/articles\/aeljvol12no22008.pdf#page=7\">Skolnick, R., &amp; Puzo, M. (2008).<\/a> Utilization of laptop computers in the school of business classroom. Academy of Educational Leadership Journal, 12, 1\u201310.<\/li>\n<li><a href=\"http:\/\/www.louisvillelawreview.org\/sites\/louisvillelawreview.org\/files\/pdfs\/printcontent\/51\/3\/Sovern.pdf\">Sovern, J. (2013).<\/a> Law student laptop use during class for non-class purposes: Temptation v. incentives. University of Louisville Law Review, 51, 483\u2013517.<\/li>\n<li><a href=\"http:\/\/ai2-s2-pdfs.s3.amazonaws.com\/2471\/b4415320bb3c6c98df8f2c273482c37a3c01.pdf\">Wurst, C., Smarkola, C., &amp; Gaffney, M. A. (2008).<\/a> Ubiquitous laptop usage in higher education: Effects on student achievement, student satisfaction, and constructivist measures in honors and traditional classrooms. Computers &amp; Education, 51, 1766\u20131783.<\/li>\n<li>Byun et al. (2009). Internet Addiction: Metasynthesis of 1996-2006. Quantitative Research. CyberPsychology &amp; Behavior, 12(2), 203-207<\/li>\n<li>Caon et al. (2013). A Pervasive Game to promote social offline Interaction. UbiCom\u00b413, Sep. 8-12, Zurich<\/li>\n<\/ul>\n","protected":false},"excerpt":{"rendered":"<p>WiWo Kolumne Alle sprechen von Digitalisierung in der Bildung. Es ist h\u00f6chste Zeit, dass junge Menschen in der Digitalen Kompetenz (DQ) gef\u00f6rdert werden, damit die Spaltung \u2013 bereits bei jungen Menschen \u2013 zwischen Nutznie\u00dfern und Kennern der Digitalisierung minimiert wird und wir den Nachwuchs gut auf die Arbeitswelt von morgen vorbereiten. Dazu sollen Klassenr\u00e4ume mit [&hellip;]<\/p>\n","protected":false},"author":2,"featured_media":3510,"comment_status":"open","ping_status":"open","sticky":false,"template":"","format":"standard","meta":{"ngg_post_thumbnail":0,"footnotes":""},"categories":[374],"tags":[439,438,436,437],"class_list":["post-2885","post","type-post","status-publish","format-standard","has-post-thumbnail","hentry","category-wiwokolumne","tag-cell-phone-addiction","tag-digitaler-burnout","tag-smartphone-abhaenigkeit","tag-umgang-mit-smartphone"],"translation":{"provider":"WPGlobus","version":"3.0.2","language":"en","enabled_languages":["de","en"],"languages":{"de":{"title":true,"content":true,"excerpt":false},"en":{"title":false,"content":false,"excerpt":false}}},"yoast_head":"<!-- This site is optimized with the Yoast SEO plugin v28.2 - https:\/\/yoast.com\/product\/yoast-seo-wordpress\/ -->\n<title>Nehmt wieder Stift und Papier in die Hand! - Dr. Steffi Burkhart<\/title>\n<meta name=\"robots\" content=\"index, follow, max-snippet:-1, max-image-preview:large, max-video-preview:-1\" \/>\n<link rel=\"canonical\" href=\"https:\/\/steffiburkhart.com\/nehmt-wieder-stift-und-papier-in-die-hand\/\" \/>\n<meta property=\"og:locale\" content=\"en_US\" \/>\n<meta property=\"og:type\" content=\"article\" \/>\n<meta property=\"og:title\" content=\"Nehmt wieder Stift und Papier in die Hand! - Dr. Steffi Burkhart\" \/>\n<meta property=\"og:url\" content=\"https:\/\/steffiburkhart.com\/nehmt-wieder-stift-und-papier-in-die-hand\/\" \/>\n<meta property=\"og:site_name\" content=\"Dr. Steffi Burkhart\" \/>\n<meta property=\"article:publisher\" content=\"https:\/\/www.facebook.com\/steffiburkhart\" \/>\n<meta property=\"article:published_time\" content=\"2017-09-06T09:08:15+00:00\" \/>\n<meta property=\"article:modified_time\" content=\"2018-02-24T09:55:16+00:00\" \/>\n<meta property=\"og:image\" content=\"https:\/\/steffiburkhart.com\/wp-content\/uploads\/2017\/09\/Bildschirmfoto-2018-02-24-um-10.54.02.png\" \/>\n\t<meta property=\"og:image:width\" content=\"1075\" \/>\n\t<meta property=\"og:image:height\" content=\"575\" \/>\n\t<meta property=\"og:image:type\" content=\"image\/png\" \/>\n<meta name=\"author\" content=\"Steffi Burkhart\" \/>\n<meta name=\"twitter:card\" content=\"summary_large_image\" \/>\n<meta name=\"twitter:creator\" content=\"@Steffi_GenY\" \/>\n<meta name=\"twitter:site\" content=\"@Steffi_GenY\" \/>\n<meta name=\"twitter:label1\" content=\"Written by\" \/>\n\t<meta name=\"twitter:data1\" content=\"Steffi Burkhart\" \/>\n\t<meta name=\"twitter:label2\" content=\"Est. reading time\" \/>\n\t<meta name=\"twitter:data2\" content=\"5 minutes\" \/>\n<script type=\"application\/ld+json\" class=\"yoast-schema-graph\">{\"@context\":\"https:\\\/\\\/schema.org\",\"@graph\":[{\"@type\":\"Article\",\"@id\":\"https:\\\/\\\/steffiburkhart.com\\\/nehmt-wieder-stift-und-papier-in-die-hand\\\/#article\",\"isPartOf\":{\"@id\":\"https:\\\/\\\/steffiburkhart.com\\\/nehmt-wieder-stift-und-papier-in-die-hand\\\/\"},\"author\":{\"name\":\"Steffi Burkhart\",\"@id\":\"https:\\\/\\\/steffiburkhart.com\\\/en\\\/#\\\/schema\\\/person\\\/c41ef0f903bf86525f67fe8aa373c5ed\"},\"headline\":\"Nehmt wieder Stift und Papier in die Hand!\",\"datePublished\":\"2017-09-06T09:08:15+00:00\",\"dateModified\":\"2018-02-24T09:55:16+00:00\",\"mainEntityOfPage\":{\"@id\":\"https:\\\/\\\/steffiburkhart.com\\\/nehmt-wieder-stift-und-papier-in-die-hand\\\/\"},\"wordCount\":973,\"commentCount\":1,\"image\":{\"@id\":\"https:\\\/\\\/steffiburkhart.com\\\/nehmt-wieder-stift-und-papier-in-die-hand\\\/#primaryimage\"},\"thumbnailUrl\":\"https:\\\/\\\/steffiburkhart.com\\\/wp-content\\\/uploads\\\/2017\\\/09\\\/Bildschirmfoto-2018-02-24-um-10.54.02.png\",\"keywords\":[\"Cell Phone Addiction\",\"Digitaler Burnout\",\"Smartphone Abh\u00e4nigkeit\",\"Umgang mit Smartphone\"],\"articleSection\":[\"WiWo Kolumne\"],\"inLanguage\":\"en-US\",\"potentialAction\":[{\"@type\":\"CommentAction\",\"name\":\"Comment\",\"target\":[\"https:\\\/\\\/steffiburkhart.com\\\/nehmt-wieder-stift-und-papier-in-die-hand\\\/#respond\"]}]},{\"@type\":\"WebPage\",\"@id\":\"https:\\\/\\\/steffiburkhart.com\\\/nehmt-wieder-stift-und-papier-in-die-hand\\\/\",\"url\":\"https:\\\/\\\/steffiburkhart.com\\\/nehmt-wieder-stift-und-papier-in-die-hand\\\/\",\"name\":\"Nehmt wieder Stift und Papier in die Hand! - Dr. Steffi Burkhart\",\"isPartOf\":{\"@id\":\"https:\\\/\\\/steffiburkhart.com\\\/en\\\/#website\"},\"primaryImageOfPage\":{\"@id\":\"https:\\\/\\\/steffiburkhart.com\\\/nehmt-wieder-stift-und-papier-in-die-hand\\\/#primaryimage\"},\"image\":{\"@id\":\"https:\\\/\\\/steffiburkhart.com\\\/nehmt-wieder-stift-und-papier-in-die-hand\\\/#primaryimage\"},\"thumbnailUrl\":\"https:\\\/\\\/steffiburkhart.com\\\/wp-content\\\/uploads\\\/2017\\\/09\\\/Bildschirmfoto-2018-02-24-um-10.54.02.png\",\"datePublished\":\"2017-09-06T09:08:15+00:00\",\"dateModified\":\"2018-02-24T09:55:16+00:00\",\"author\":{\"@id\":\"https:\\\/\\\/steffiburkhart.com\\\/en\\\/#\\\/schema\\\/person\\\/c41ef0f903bf86525f67fe8aa373c5ed\"},\"breadcrumb\":{\"@id\":\"https:\\\/\\\/steffiburkhart.com\\\/nehmt-wieder-stift-und-papier-in-die-hand\\\/#breadcrumb\"},\"inLanguage\":\"en-US\",\"potentialAction\":[{\"@type\":\"ReadAction\",\"target\":[\"https:\\\/\\\/steffiburkhart.com\\\/nehmt-wieder-stift-und-papier-in-die-hand\\\/\"]}]},{\"@type\":\"ImageObject\",\"inLanguage\":\"en-US\",\"@id\":\"https:\\\/\\\/steffiburkhart.com\\\/nehmt-wieder-stift-und-papier-in-die-hand\\\/#primaryimage\",\"url\":\"https:\\\/\\\/steffiburkhart.com\\\/wp-content\\\/uploads\\\/2017\\\/09\\\/Bildschirmfoto-2018-02-24-um-10.54.02.png\",\"contentUrl\":\"https:\\\/\\\/steffiburkhart.com\\\/wp-content\\\/uploads\\\/2017\\\/09\\\/Bildschirmfoto-2018-02-24-um-10.54.02.png\",\"width\":1075,\"height\":575},{\"@type\":\"BreadcrumbList\",\"@id\":\"https:\\\/\\\/steffiburkhart.com\\\/nehmt-wieder-stift-und-papier-in-die-hand\\\/#breadcrumb\",\"itemListElement\":[{\"@type\":\"ListItem\",\"position\":1,\"name\":\"Startseite\",\"item\":\"https:\\\/\\\/steffiburkhart.com\\\/\"},{\"@type\":\"ListItem\",\"position\":2,\"name\":\"Nehmt wieder Stift und Papier in die Hand!\"}]},{\"@type\":\"WebSite\",\"@id\":\"https:\\\/\\\/steffiburkhart.com\\\/en\\\/#website\",\"url\":\"https:\\\/\\\/steffiburkhart.com\\\/en\\\/\",\"name\":\"Dr. Steffi Burkhart\",\"description\":\"Durch die Generation Y Brille\",\"potentialAction\":[{\"@type\":\"SearchAction\",\"target\":{\"@type\":\"EntryPoint\",\"urlTemplate\":\"https:\\\/\\\/steffiburkhart.com\\\/en\\\/?s={search_term_string}\"},\"query-input\":{\"@type\":\"PropertyValueSpecification\",\"valueRequired\":true,\"valueName\":\"search_term_string\"}}],\"inLanguage\":\"en-US\"},{\"@type\":\"Person\",\"@id\":\"https:\\\/\\\/steffiburkhart.com\\\/en\\\/#\\\/schema\\\/person\\\/c41ef0f903bf86525f67fe8aa373c5ed\",\"name\":\"Steffi Burkhart\"}]}<\/script>\n<!-- \/ Yoast SEO plugin. -->","yoast_head_json":{"title":"Nehmt wieder Stift und Papier in die Hand! - Dr. Steffi Burkhart","robots":{"index":"index","follow":"follow","max-snippet":"max-snippet:-1","max-image-preview":"max-image-preview:large","max-video-preview":"max-video-preview:-1"},"canonical":"https:\/\/steffiburkhart.com\/nehmt-wieder-stift-und-papier-in-die-hand\/","og_locale":"en_US","og_type":"article","og_title":"Nehmt wieder Stift und Papier in die Hand! - Dr. Steffi Burkhart","og_url":"https:\/\/steffiburkhart.com\/nehmt-wieder-stift-und-papier-in-die-hand\/","og_site_name":"Dr. Steffi Burkhart","article_publisher":"https:\/\/www.facebook.com\/steffiburkhart","article_published_time":"2017-09-06T09:08:15+00:00","article_modified_time":"2018-02-24T09:55:16+00:00","og_image":[{"width":1075,"height":575,"url":"https:\/\/steffiburkhart.com\/wp-content\/uploads\/2017\/09\/Bildschirmfoto-2018-02-24-um-10.54.02.png","type":"image\/png"}],"author":"Steffi Burkhart","twitter_card":"summary_large_image","twitter_creator":"@Steffi_GenY","twitter_site":"@Steffi_GenY","twitter_misc":{"Written by":"Steffi Burkhart","Est. reading time":"5 minutes"},"schema":{"@context":"https:\/\/schema.org","@graph":[{"@type":"Article","@id":"https:\/\/steffiburkhart.com\/nehmt-wieder-stift-und-papier-in-die-hand\/#article","isPartOf":{"@id":"https:\/\/steffiburkhart.com\/nehmt-wieder-stift-und-papier-in-die-hand\/"},"author":{"name":"Steffi Burkhart","@id":"https:\/\/steffiburkhart.com\/en\/#\/schema\/person\/c41ef0f903bf86525f67fe8aa373c5ed"},"headline":"Nehmt wieder Stift und Papier in die Hand!","datePublished":"2017-09-06T09:08:15+00:00","dateModified":"2018-02-24T09:55:16+00:00","mainEntityOfPage":{"@id":"https:\/\/steffiburkhart.com\/nehmt-wieder-stift-und-papier-in-die-hand\/"},"wordCount":973,"commentCount":1,"image":{"@id":"https:\/\/steffiburkhart.com\/nehmt-wieder-stift-und-papier-in-die-hand\/#primaryimage"},"thumbnailUrl":"https:\/\/steffiburkhart.com\/wp-content\/uploads\/2017\/09\/Bildschirmfoto-2018-02-24-um-10.54.02.png","keywords":["Cell Phone Addiction","Digitaler Burnout","Smartphone Abh\u00e4nigkeit","Umgang mit Smartphone"],"articleSection":["WiWo Kolumne"],"inLanguage":"en-US","potentialAction":[{"@type":"CommentAction","name":"Comment","target":["https:\/\/steffiburkhart.com\/nehmt-wieder-stift-und-papier-in-die-hand\/#respond"]}]},{"@type":"WebPage","@id":"https:\/\/steffiburkhart.com\/nehmt-wieder-stift-und-papier-in-die-hand\/","url":"https:\/\/steffiburkhart.com\/nehmt-wieder-stift-und-papier-in-die-hand\/","name":"Nehmt wieder Stift und Papier in die Hand! - Dr. Steffi Burkhart","isPartOf":{"@id":"https:\/\/steffiburkhart.com\/en\/#website"},"primaryImageOfPage":{"@id":"https:\/\/steffiburkhart.com\/nehmt-wieder-stift-und-papier-in-die-hand\/#primaryimage"},"image":{"@id":"https:\/\/steffiburkhart.com\/nehmt-wieder-stift-und-papier-in-die-hand\/#primaryimage"},"thumbnailUrl":"https:\/\/steffiburkhart.com\/wp-content\/uploads\/2017\/09\/Bildschirmfoto-2018-02-24-um-10.54.02.png","datePublished":"2017-09-06T09:08:15+00:00","dateModified":"2018-02-24T09:55:16+00:00","author":{"@id":"https:\/\/steffiburkhart.com\/en\/#\/schema\/person\/c41ef0f903bf86525f67fe8aa373c5ed"},"breadcrumb":{"@id":"https:\/\/steffiburkhart.com\/nehmt-wieder-stift-und-papier-in-die-hand\/#breadcrumb"},"inLanguage":"en-US","potentialAction":[{"@type":"ReadAction","target":["https:\/\/steffiburkhart.com\/nehmt-wieder-stift-und-papier-in-die-hand\/"]}]},{"@type":"ImageObject","inLanguage":"en-US","@id":"https:\/\/steffiburkhart.com\/nehmt-wieder-stift-und-papier-in-die-hand\/#primaryimage","url":"https:\/\/steffiburkhart.com\/wp-content\/uploads\/2017\/09\/Bildschirmfoto-2018-02-24-um-10.54.02.png","contentUrl":"https:\/\/steffiburkhart.com\/wp-content\/uploads\/2017\/09\/Bildschirmfoto-2018-02-24-um-10.54.02.png","width":1075,"height":575},{"@type":"BreadcrumbList","@id":"https:\/\/steffiburkhart.com\/nehmt-wieder-stift-und-papier-in-die-hand\/#breadcrumb","itemListElement":[{"@type":"ListItem","position":1,"name":"Startseite","item":"https:\/\/steffiburkhart.com\/"},{"@type":"ListItem","position":2,"name":"Nehmt wieder Stift und Papier in die Hand!"}]},{"@type":"WebSite","@id":"https:\/\/steffiburkhart.com\/en\/#website","url":"https:\/\/steffiburkhart.com\/en\/","name":"Dr. Steffi Burkhart","description":"Durch die Generation Y Brille","potentialAction":[{"@type":"SearchAction","target":{"@type":"EntryPoint","urlTemplate":"https:\/\/steffiburkhart.com\/en\/?s={search_term_string}"},"query-input":{"@type":"PropertyValueSpecification","valueRequired":true,"valueName":"search_term_string"}}],"inLanguage":"en-US"},{"@type":"Person","@id":"https:\/\/steffiburkhart.com\/en\/#\/schema\/person\/c41ef0f903bf86525f67fe8aa373c5ed","name":"Steffi Burkhart"}]}},"_links":{"self":[{"href":"https:\/\/steffiburkhart.com\/en\/wp-json\/wp\/v2\/posts\/2885","targetHints":{"allow":["GET"]}}],"collection":[{"href":"https:\/\/steffiburkhart.com\/en\/wp-json\/wp\/v2\/posts"}],"about":[{"href":"https:\/\/steffiburkhart.com\/en\/wp-json\/wp\/v2\/types\/post"}],"author":[{"embeddable":true,"href":"https:\/\/steffiburkhart.com\/en\/wp-json\/wp\/v2\/users\/2"}],"replies":[{"embeddable":true,"href":"https:\/\/steffiburkhart.com\/en\/wp-json\/wp\/v2\/comments?post=2885"}],"version-history":[{"count":8,"href":"https:\/\/steffiburkhart.com\/en\/wp-json\/wp\/v2\/posts\/2885\/revisions"}],"predecessor-version":[{"id":3511,"href":"https:\/\/steffiburkhart.com\/en\/wp-json\/wp\/v2\/posts\/2885\/revisions\/3511"}],"wp:featuredmedia":[{"embeddable":true,"href":"https:\/\/steffiburkhart.com\/en\/wp-json\/wp\/v2\/media\/3510"}],"wp:attachment":[{"href":"https:\/\/steffiburkhart.com\/en\/wp-json\/wp\/v2\/media?parent=2885"}],"wp:term":[{"taxonomy":"category","embeddable":true,"href":"https:\/\/steffiburkhart.com\/en\/wp-json\/wp\/v2\/categories?post=2885"},{"taxonomy":"post_tag","embeddable":true,"href":"https:\/\/steffiburkhart.com\/en\/wp-json\/wp\/v2\/tags?post=2885"}],"curies":[{"name":"wp","href":"https:\/\/api.w.org\/{rel}","templated":true}]}}